{"id":149,"date":"2025-08-09T20:51:14","date_gmt":"2025-08-10T01:51:14","guid":{"rendered":"https:\/\/integracion.cordemo.org\/fsm\/?p=149"},"modified":"2025-08-16T14:37:03","modified_gmt":"2025-08-16T19:37:03","slug":"yopal-2025","status":"publish","type":"post","link":"https:\/\/integracion.cordemo.org\/fsm\/yopal-2025\/","title":{"rendered":"Yopal-2025"},"content":{"rendered":"<p><span class=\"titulo\">YOPAL<\/span><br \/>\nEl equipo de la Alcald\u00eda de Yopal en los Juegos de Integraci\u00f3n Cordemo est\u00e1 compuesto por atletas talentosos y dedicados, listos para demostrar su habilidad y representar con orgullo a su regi\u00f3n. Con determinaci\u00f3n y esp\u00edritu deportivo, busca alcanzar la excelencia en cada competencia. \u00a1Vamos, Yopal! \u00a1A dejar huella en cada evento! \ud83c\udfc5\ud83d\udcaa<\/p>\n<p><img loading=\"lazy\" decoding=\"async\" class=\"aligncenter size-full wp-image-415\" src=\"https:\/\/integracion.cordemo.org\/fsm\/wp-content\/uploads\/sites\/6\/2025\/08\/fsm-yopal2.jpg\" alt=\"\" width=\"1280\" height=\"960\" srcset=\"https:\/\/integracion.cordemo.org\/fsm\/wp-content\/uploads\/sites\/6\/2025\/08\/fsm-yopal2.jpg 1280w, https:\/\/integracion.cordemo.org\/fsm\/wp-content\/uploads\/sites\/6\/2025\/08\/fsm-yopal2-300x225.jpg 300w, https:\/\/integracion.cordemo.org\/fsm\/wp-content\/uploads\/sites\/6\/2025\/08\/fsm-yopal2-1024x768.jpg 1024w, https:\/\/integracion.cordemo.org\/fsm\/wp-content\/uploads\/sites\/6\/2025\/08\/fsm-yopal2-768x576.jpg 768w, https:\/\/integracion.cordemo.org\/fsm\/wp-content\/uploads\/sites\/6\/2025\/08\/fsm-yopal2-128x96.jpg 128w, https:\/\/integracion.cordemo.org\/fsm\/wp-content\/uploads\/sites\/6\/2025\/08\/fsm-yopal2-32x24.jpg 32w\" sizes=\"auto, (max-width: 1280px) 100vw, 1280px\" \/><\/p>\n<div class=\"sportspress\"><h4 class=\"sp-table-caption\">Jugadoras 2025<\/h4><div class=\"sp-template sp-template-player-list\"><div class=\"sp-table-wrapper\"><table class=\"sp-player-list sp-data-table sp-sortable-table sp-scrollable-table sp-paginated-table\" data-sp-rows=\"6\"><thead><tr><th class=\"data-number\">#<\/th><th class=\"data-name\">Nombre<\/th><th class=\"data-position\">Posici\u00f3n<\/th><\/tr><\/thead><tbody><tr class=\"odd\"><td class=\"data-number\" data-label=\"#\">1<\/td><td class=\"data-name\" data-label=\"Nombre\">Larry Steven Lynn Fernandez<\/td><td class=\"data-position\" data-label=\"Posici\u00f3n\">Arquero<\/td><\/tr><tr class=\"even\"><td class=\"data-number\" data-label=\"#\">2<\/td><td class=\"data-name\" data-label=\"Nombre\">Hernando Luis Torres Ibarra<\/td><td class=\"data-position\" data-label=\"Posici\u00f3n\">Lateral Dercho<\/td><\/tr><tr class=\"odd\"><td class=\"data-number\" data-label=\"#\">3<\/td><td class=\"data-name\" data-label=\"Nombre\">Javier Alejandro Forero Rubio<\/td><td class=\"data-position\" data-label=\"Posici\u00f3n\">Defensa Central<\/td><\/tr><tr class=\"even\"><td class=\"data-number\" data-label=\"#\">4<\/td><td class=\"data-name\" data-label=\"Nombre\">Naren Dayardani Avila Saldarriaga<\/td><td class=\"data-position\" data-label=\"Posici\u00f3n\">Defensa Central<\/td><\/tr><tr class=\"odd\"><td class=\"data-number\" data-label=\"#\">5<\/td><td class=\"data-name\" data-label=\"Nombre\">Camilo Andres Quintero Suarez<\/td><td class=\"data-position\" data-label=\"Posici\u00f3n\">Lateral Izquierdo<\/td><\/tr><tr class=\"even\"><td class=\"data-number\" data-label=\"#\">6<\/td><td class=\"data-name\" data-label=\"Nombre\">Damian Esteban Rodriguez Herrera<\/td><td class=\"data-position\" data-label=\"Posici\u00f3n\">Medio Campo<\/td><\/tr><tr class=\"odd\"><td class=\"data-number\" data-label=\"#\">7<\/td><td class=\"data-name\" data-label=\"Nombre\">Anderson Claros Cardozo<\/td><td class=\"data-position\" data-label=\"Posici\u00f3n\">Medio Campo<\/td><\/tr><tr class=\"even\"><td class=\"data-number\" data-label=\"#\">8<\/td><td class=\"data-name\" data-label=\"Nombre\">Disney Alirio Vargas Sua<\/td><td class=\"data-position\" data-label=\"Posici\u00f3n\">Interior Izquierdo<\/td><\/tr><tr class=\"odd\"><td class=\"data-number\" data-label=\"#\">9<\/td><td class=\"data-name\" data-label=\"Nombre\">Miguel Alonso Avella Perez<\/td><td class=\"data-position\" data-label=\"Posici\u00f3n\">Lateral Derecho<\/td><\/tr><tr class=\"even\"><td class=\"data-number\" data-label=\"#\">10<\/td><td class=\"data-name\" data-label=\"Nombre\">Andres Felipe Avella Gonzalez<\/td><td class=\"data-position\" data-label=\"Posici\u00f3n\">Medio Campo<\/td><\/tr><\/tbody><\/table><\/div><\/div><\/div>\n<div class=\"sportspress sp-widget-align-none\"><div class=\"sp-template sp-template-league-table\">\n\t<h4 class=\"sp-table-caption\">Grupo C<\/h4><div class=\"sp-table-wrapper\"><table class=\"sp-league-table sp-league-table-354 sp-data-table sp-sortable-table sp-scrollable-table sp-paginated-table\" data-sp-rows=\"10\"><thead><tr><th class=\"data-rank\">Pos<\/th><th class=\"data-name\">Equipo<\/th><th class=\"data-p\">PJ<\/th><th class=\"data-w\">PG<\/th><th class=\"data-d\">PE<\/th><th class=\"data-l\">PP<\/th><th class=\"data-f\">GF<\/th><th class=\"data-a\">GC<\/th><th class=\"data-gd\">DG<\/th><th class=\"data-pts\">Pts<\/th><\/tr><\/thead><tbody><tr class=\"odd sp-row-no-0\"><td class=\"data-rank\" data-label=\"Pos\">1<\/td><td class=\"data-name has-logo\" data-label=\"Equipo\"><span class=\"team-logo\"><img loading=\"lazy\" decoding=\"async\" width=\"108\" height=\"128\" src=\"https:\/\/integracion.cordemo.org\/fsm\/wp-content\/uploads\/sites\/6\/2025\/08\/norte-de-santander.png\" class=\"attachment-sportspress-fit-icon size-sportspress-fit-icon wp-post-image\" alt=\"\" \/><\/span>Norte<\/td><td class=\"data-p\" data-label=\"PJ\">2<\/td><td class=\"data-w\" data-label=\"PG\">1<\/td><td class=\"data-d\" data-label=\"PE\">1<\/td><td class=\"data-l\" data-label=\"PP\">0<\/td><td class=\"data-f\" data-label=\"GF\">8<\/td><td class=\"data-a\" data-label=\"GC\">4<\/td><td class=\"data-gd\" data-label=\"DG\">4<\/td><td class=\"data-pts\" data-label=\"Pts\">3<\/td><\/tr><tr class=\"even sp-row-no-1\"><td class=\"data-rank\" data-label=\"Pos\">2<\/td><td class=\"data-name has-logo\" data-label=\"Equipo\"><span class=\"team-logo\"><img loading=\"lazy\" decoding=\"async\" width=\"107\" height=\"128\" src=\"https:\/\/integracion.cordemo.org\/fsm\/wp-content\/uploads\/sites\/6\/2025\/08\/epm-med.jpg\" class=\"attachment-sportspress-fit-icon size-sportspress-fit-icon wp-post-image\" alt=\"\" \/><\/span>Epm<\/td><td class=\"data-p\" data-label=\"PJ\">2<\/td><td class=\"data-w\" data-label=\"PG\">1<\/td><td class=\"data-d\" data-label=\"PE\">1<\/td><td class=\"data-l\" data-label=\"PP\">0<\/td><td class=\"data-f\" data-label=\"GF\">7<\/td><td class=\"data-a\" data-label=\"GC\">6<\/td><td class=\"data-gd\" data-label=\"DG\">1<\/td><td class=\"data-pts\" data-label=\"Pts\">3<\/td><\/tr><tr class=\"odd sp-row-no-2\"><td class=\"data-rank\" data-label=\"Pos\">3<\/td><td class=\"data-name has-logo\" data-label=\"Equipo\"><span class=\"team-logo\"><img loading=\"lazy\" decoding=\"async\" width=\"105\" height=\"128\" src=\"https:\/\/integracion.cordemo.org\/fsm\/wp-content\/uploads\/sites\/6\/2025\/08\/yopal.png\" class=\"attachment-sportspress-fit-icon size-sportspress-fit-icon wp-post-image\" alt=\"\" \/><\/span>Yopal<\/td><td class=\"data-p\" data-label=\"PJ\">2<\/td><td class=\"data-w\" data-label=\"PG\">0<\/td><td class=\"data-d\" data-label=\"PE\">0<\/td><td class=\"data-l\" data-label=\"PP\">2<\/td><td class=\"data-f\" data-label=\"GF\">4<\/td><td class=\"data-a\" data-label=\"GC\">9<\/td><td class=\"data-gd\" data-label=\"DG\">-5<\/td><td class=\"data-pts\" data-label=\"Pts\">0<\/td><\/tr><\/tbody><\/table><\/div><\/div>\n<\/div>\n","protected":false},"excerpt":{"rendered":"<p>YOPAL El equipo de la Alcald\u00eda de Yopal en los Juegos de Integraci\u00f3n Cordemo est\u00e1 compuesto por atletas talentosos y dedicados, listos para demostrar su habilidad y representar con orgullo a su regi\u00f3n. Con determinaci\u00f3n y esp\u00edritu deportivo, busca alcanzar la excelencia en cada competencia. \u00a1Vamos, Yopal! \u00a1A dejar huella en cada evento! \ud83c\udfc5\ud83d\udcaa<\/p>\n","protected":false},"author":1,"featured_media":41,"comment_status":"closed","ping_status":"closed","sticky":false,"template":"","format":"standard","meta":{"footnotes":""},"categories":[25],"tags":[],"class_list":["post-149","post","type-post","status-publish","format-standard","has-post-thumbnail","hentry","category-25"],"_links":{"self":[{"href":"https:\/\/integracion.cordemo.org\/fsm\/wp-json\/wp\/v2\/posts\/149","targetHints":{"allow":["GET"]}}],"collection":[{"href":"https:\/\/integracion.cordemo.org\/fsm\/wp-json\/wp\/v2\/posts"}],"about":[{"href":"https:\/\/integracion.cordemo.org\/fsm\/wp-json\/wp\/v2\/types\/post"}],"author":[{"embeddable":true,"href":"https:\/\/integracion.cordemo.org\/fsm\/wp-json\/wp\/v2\/users\/1"}],"replies":[{"embeddable":true,"href":"https:\/\/integracion.cordemo.org\/fsm\/wp-json\/wp\/v2\/comments?post=149"}],"version-history":[{"count":6,"href":"https:\/\/integracion.cordemo.org\/fsm\/wp-json\/wp\/v2\/posts\/149\/revisions"}],"predecessor-version":[{"id":420,"href":"https:\/\/integracion.cordemo.org\/fsm\/wp-json\/wp\/v2\/posts\/149\/revisions\/420"}],"wp:featuredmedia":[{"embeddable":true,"href":"https:\/\/integracion.cordemo.org\/fsm\/wp-json\/wp\/v2\/media\/41"}],"wp:attachment":[{"href":"https:\/\/integracion.cordemo.org\/fsm\/wp-json\/wp\/v2\/media?parent=149"}],"wp:term":[{"taxonomy":"category","embeddable":true,"href":"https:\/\/integracion.cordemo.org\/fsm\/wp-json\/wp\/v2\/categories?post=149"},{"taxonomy":"post_tag","embeddable":true,"href":"https:\/\/integracion.cordemo.org\/fsm\/wp-json\/wp\/v2\/tags?post=149"}],"curies":[{"name":"wp","href":"https:\/\/api.w.org\/{rel}","templated":true}]}}